{"id":941,"date":"2026-05-15T08:21:33","date_gmt":"2026-05-15T13:21:33","guid":{"rendered":"https:\/\/web.aranaabogadosasociados.com\/?p=941"},"modified":"2026-05-15T08:21:33","modified_gmt":"2026-05-15T13:21:33","slug":"dian-aclara-efectos-tributarios-de-la-anulacion-de-exportaciones-frente-al-iva-pagado","status":"publish","type":"post","link":"https:\/\/aranaabogadosasociados.com\/?p=941","title":{"rendered":"DIAN aclara efectos tributarios de la anulaci\u00f3n de exportaciones frente al IVA pagado."},"content":{"rendered":"\n<p class=\"wp-block-paragraph\">El Concepto 015515 de 2025 resuelve una duda frecuente en materia de IVA y operaciones de exportaci\u00f3n. El pronunciamiento se enfoca en los casos en los que un contribuyente adquiere bienes o servicios con destino a una exportaci\u00f3n, paga el IVA correspondiente y posteriormente esa operaci\u00f3n de exportaci\u00f3n es anulada. La pregunta central es si, en ese escenario, el IVA pagado puede solicitarse en devoluci\u00f3n o compensaci\u00f3n.<\/p>\n\n\n\n<p class=\"wp-block-paragraph\">La DIAN aclara que cuando una exportaci\u00f3n se anula, desaparecen los efectos jur\u00eddicos de la operaci\u00f3n y con ellos, el fundamento que permit\u00eda acceder al beneficio tributario. El Estatuto Tributario reconoce como bienes exentos con derecho a devoluci\u00f3n aquellos que efectivamente se exportan. Por tanto, si la exportaci\u00f3n no se concreta o es anulada, el beneficio deja de existir para efectos fiscales.<\/p>\n\n\n\n<p class=\"wp-block-paragraph\">El concepto recuerda que el derecho a solicitar la devoluci\u00f3n del IVA est\u00e1 directamente ligado a la realizaci\u00f3n real y v\u00e1lida de la exportaci\u00f3n. No basta con que la operaci\u00f3n haya sido planeada o iniciada, es indispensable que los bienes salgan efectivamente del pa\u00eds y que la exportaci\u00f3n conserve sus efectos jur\u00eddicos. Si la operaci\u00f3n se anula, se entiende que nunca produjo efectos legales y en consecuencia no puede generar un derecho a devoluci\u00f3n.<\/p>\n\n\n\n<p class=\"wp-block-paragraph\">Aunque no procede la devoluci\u00f3n ni la compensaci\u00f3n del IVA, el valor pagado no se pierde autom\u00e1ticamente. La DIAN explica que ese impuesto puede tratarse como un saldo a favor imputable en el per\u00edodo siguiente, siempre que se cumplan las reglas generales del Estatuto Tributario. Esta opci\u00f3n permite al contribuyente utilizar el saldo dentro del mismo impuesto, pero sin acceder al mecanismo de devoluci\u00f3n.<\/p>\n\n\n\n<p class=\"wp-block-paragraph\">En conclusi\u00f3n, la DIAN fija una regla precisa, cuando una exportaci\u00f3n es anulada, el IVA asociado a esa operaci\u00f3n no puede solicitarse en devoluci\u00f3n ni en compensaci\u00f3n porque desaparece el hecho que daba origen al beneficio. No obstante, el contribuyente puede imputar ese valor como saldo a favor en per\u00edodos posteriores, de acuerdo con las normas vigentes, art\u00edculo 815 del Estatuto Tributario. El concepto aporta claridad y reduce el riesgo de solicitudes improcedentes que puedan derivar en rechazos o sanciones para los contribuyentes.<\/p>\n\n\n\n<p class=\"wp-block-paragraph\"><strong>ARANA ABOGADOS ASOCIADOS<\/strong><br><strong>2025.<\/strong><\/p>\n\n\n\n<p class=\"wp-block-paragraph\"><\/p>\n","protected":false},"excerpt":{"rendered":"<p>El Concepto 015515 de 2025 resuelve una duda frecuente en materia de IVA y operaciones de exportaci\u00f3n. El pronunciamiento se enfoca en los casos en los que un contribuyente adquiere bienes o servicios con destino a una exportaci\u00f3n, paga el IVA correspondiente y posteriormente esa operaci\u00f3n de exportaci\u00f3n es anulada. La pregunta central es si, [&hellip;]<\/p>\n","protected":false},"author":2,"featured_media":926,"comment_status":"open","ping_status":"open","sticky":false,"template":"","format":"standard","meta":{"footnotes":""},"categories":[1],"tags":[],"class_list":["post-941","post","type-post","status-publish","format-standard","has-post-thumbnail","hentry","category-sin-categoria"],"_links":{"self":[{"href":"https:\/\/aranaabogadosasociados.com\/index.php?rest_route=\/wp\/v2\/posts\/941","targetHints":{"allow":["GET"]}}],"collection":[{"href":"https:\/\/aranaabogadosasociados.com\/index.php?rest_route=\/wp\/v2\/posts"}],"about":[{"href":"https:\/\/aranaabogadosasociados.com\/index.php?rest_route=\/wp\/v2\/types\/post"}],"author":[{"embeddable":true,"href":"https:\/\/aranaabogadosasociados.com\/index.php?rest_route=\/wp\/v2\/users\/2"}],"replies":[{"embeddable":true,"href":"https:\/\/aranaabogadosasociados.com\/index.php?rest_route=%2Fwp%2Fv2%2Fcomments&post=941"}],"version-history":[{"count":1,"href":"https:\/\/aranaabogadosasociados.com\/index.php?rest_route=\/wp\/v2\/posts\/941\/revisions"}],"predecessor-version":[{"id":942,"href":"https:\/\/aranaabogadosasociados.com\/index.php?rest_route=\/wp\/v2\/posts\/941\/revisions\/942"}],"wp:featuredmedia":[{"embeddable":true,"href":"https:\/\/aranaabogadosasociados.com\/index.php?rest_route=\/wp\/v2\/media\/926"}],"wp:attachment":[{"href":"https:\/\/aranaabogadosasociados.com\/index.php?rest_route=%2Fwp%2Fv2%2Fmedia&parent=941"}],"wp:term":[{"taxonomy":"category","embeddable":true,"href":"https:\/\/aranaabogadosasociados.com\/index.php?rest_route=%2Fwp%2Fv2%2Fcategories&post=941"},{"taxonomy":"post_tag","embeddable":true,"href":"https:\/\/aranaabogadosasociados.com\/index.php?rest_route=%2Fwp%2Fv2%2Ftags&post=941"}],"curies":[{"name":"wp","href":"https:\/\/api.w.org\/{rel}","templated":true}]}}