{"id":935,"date":"2026-05-08T10:49:03","date_gmt":"2026-05-08T15:49:03","guid":{"rendered":"https:\/\/web.aranaabogadosasociados.com\/?p=935"},"modified":"2026-05-08T10:49:03","modified_gmt":"2026-05-08T15:49:03","slug":"notificaciones-por-correo-la-forma-correcta-de-contar-los-5-dias-segun-la-dian","status":"publish","type":"post","link":"https:\/\/aranaabogadosasociados.com\/?p=935","title":{"rendered":"Notificaciones por correo: la forma correcta de contar los 5 d\u00edas seg\u00fan la DIAN"},"content":{"rendered":"\n<p class=\"wp-block-paragraph\">Cuando un contribuyente recibe un acto administrativo por correo electr\u00f3nico, surge una duda clave: \u00bfDesde qu\u00e9 momento empiezan a correr los 5 d\u00edas h\u00e1biles que da la ley antes de iniciar el plazo para responder o interponer recursos?<\/p>\n\n\n\n<p class=\"wp-block-paragraph\">El Concepto 2191 del 19 de noviembre de 2025 aclara este punto y modifica la doctrina anterior, retomando el art\u00edculo 566-1 del Estatuto Tributario el cual regula la notificaci\u00f3n electr\u00f3nica, para reiterar que la notificaci\u00f3n se entiende efectuada en la fecha en que el correo llega a la bandeja del contribuyente, sin embargo, el verdadero problema ha sido determinar cu\u00e1ndo empiezan a contarse los cinco d\u00edas h\u00e1biles previos al inicio del t\u00e9rmino legal para responder.<\/p>\n\n\n\n<p class=\"wp-block-paragraph\">El documento parte de una realidad frecuente: muchos contribuyentes creen que, si la DIAN env\u00eda un correo hoy, hoy mismo se empieza a contar el plazo. Esta interpretaci\u00f3n se basaba en la doctrina que ven\u00eda manejando la entidad durante a\u00f1os. Pero un reciente pronunciamiento del Consejo de Estado llev\u00f3 a revisar toda la doctrina, y ahora la DIAN concluye que el conteo debe hacerse de una forma totalmente distinta.<\/p>\n\n\n\n<p class=\"wp-block-paragraph\">El concepto analiza el art\u00edculo 566-1 del Estatuto Tributario, que regula la notificaci\u00f3n electr\u00f3nica, y lo compara con las reglas generales del C\u00f3digo General del Proceso sobre c\u00f3mputo de t\u00e9rminos. All\u00ed est\u00e1 la clave: cada vez que la ley dice a partir de los t\u00e9rminos comienzan al d\u00eda siguiente, no el mismo d\u00eda de la actuaci\u00f3n.<\/p>\n\n\n\n<p class=\"wp-block-paragraph\">Esto implica un cambio enorme en la pr\u00e1ctica, si la notificaci\u00f3n llega un jueves a la bandeja del contribuyente, ese d\u00eda no hace parte de los cinco d\u00edas h\u00e1biles previos al inicio del t\u00e9rmino legal. El conteo empieza desde el viernes, y as\u00ed sucesivamente hasta completar los cinco d\u00edas. Solo despu\u00e9s de eso inicia oficialmente el t\u00e9rmino para responder, presentar recursos o ejercer cualquier actuaci\u00f3n.<\/p>\n\n\n\n<p class=\"wp-block-paragraph\">El documento tambi\u00e9n aclara que esta modificaci\u00f3n no es una recomendaci\u00f3n, sino un ajuste obligatorio que debe aplicarse de ahora en adelante. Por eso el concepto deja sin efectos varios criterios anteriores, entre ellos el Concepto 006813 de abril de 2025, su modificaci\u00f3n de julio y otros oficios que manten\u00edan la tesis errada.<\/p>\n\n\n\n<p class=\"wp-block-paragraph\">Para reforzar la explicaci\u00f3n, el concepto incluye un ejemplo que ilustra c\u00f3mo se deben contar los d\u00edas h\u00e1biles con la nueva regla. Aunque el ejemplo es sencillo, recalca un mensaje fundamental:<\/p>\n\n\n\n<p class=\"wp-block-paragraph\">Contar mal un solo d\u00eda puede convertir un recurso v\u00e1lido en uno extempor\u00e1neo, con consecuencias irreversibles para el contribuyente.<\/p>\n\n\n\n<p class=\"wp-block-paragraph\">Otro punto importante es que el cambio no altera la fecha en que se entiende surtida la notificaci\u00f3n: eso sigue siendo el mismo d\u00eda en que el correo llega a la bandeja.<br><br><\/p>\n\n\n\n<p class=\"wp-block-paragraph\">La DIAN se\u00f1ala que esta interpretaci\u00f3n es la que mejor se ajusta al debido proceso, a las reglas de c\u00f3mputo de t\u00e9rminos y a la protecci\u00f3n del derecho de defensa. Tambi\u00e9n, armoniza los procedimientos administrativos con la forma en que se cuentan los d\u00edas en los procesos judiciales, evitando vac\u00edos y contradicciones.<\/p>\n\n\n\n<p class=\"wp-block-paragraph\">En conclusi\u00f3n, el Concepto 2191 establece una regla clara, definitiva y obligatoria:<\/p>\n\n\n\n<p class=\"wp-block-paragraph\">&#8211; El t\u00e9rmino de cinco d\u00edas del art\u00edculo 566-1 del Estatuto Tributario se cuenta desde el d\u00eda siguiente a la entrega del correo electr\u00f3nico, no desde el mismo d\u00eda en que se recibe.<\/p>\n\n\n\n<p class=\"wp-block-paragraph\">&#8211; Cualquier doctrina que sosten\u00eda lo contrario queda sin efectos.<\/p>\n\n\n\n<p class=\"wp-block-paragraph\">&#8211; El ajuste aplica para todos los contribuyentes y para todas las actuaciones notificadas electr\u00f3nicamente.<\/p>\n\n\n\n<p class=\"wp-block-paragraph\">Esta precisi\u00f3n, aunque pueda parecer un detalle t\u00e9cnico, tiene un impacto directo en la forma en que personas naturales, empresas y apoderados deben manejar los t\u00e9rminos tributarios en adelante. Un cambio que, bien entendido, puede evitar errores costosos y proteger derechos procesales.<\/p>\n\n\n\n<p class=\"wp-block-paragraph\"><strong>ARANA ABOGADOS ASOCIADOS<\/strong><br><strong>2025.<\/strong><\/p>\n","protected":false},"excerpt":{"rendered":"<p>Cuando un contribuyente recibe un acto administrativo por correo electr\u00f3nico, surge una duda clave: \u00bfDesde qu\u00e9 momento empiezan a correr los 5 d\u00edas h\u00e1biles que da la ley antes de iniciar el plazo para responder o interponer recursos? El Concepto 2191 del 19 de noviembre de 2025 aclara este punto y modifica la doctrina anterior, [&hellip;]<\/p>\n","protected":false},"author":2,"featured_media":936,"comment_status":"open","ping_status":"open","sticky":false,"template":"","format":"standard","meta":{"footnotes":""},"categories":[1],"tags":[],"class_list":["post-935","post","type-post","status-publish","format-standard","has-post-thumbnail","hentry","category-sin-categoria"],"_links":{"self":[{"href":"https:\/\/aranaabogadosasociados.com\/index.php?rest_route=\/wp\/v2\/posts\/935","targetHints":{"allow":["GET"]}}],"collection":[{"href":"https:\/\/aranaabogadosasociados.com\/index.php?rest_route=\/wp\/v2\/posts"}],"about":[{"href":"https:\/\/aranaabogadosasociados.com\/index.php?rest_route=\/wp\/v2\/types\/post"}],"author":[{"embeddable":true,"href":"https:\/\/aranaabogadosasociados.com\/index.php?rest_route=\/wp\/v2\/users\/2"}],"replies":[{"embeddable":true,"href":"https:\/\/aranaabogadosasociados.com\/index.php?rest_route=%2Fwp%2Fv2%2Fcomments&post=935"}],"version-history":[{"count":1,"href":"https:\/\/aranaabogadosasociados.com\/index.php?rest_route=\/wp\/v2\/posts\/935\/revisions"}],"predecessor-version":[{"id":937,"href":"https:\/\/aranaabogadosasociados.com\/index.php?rest_route=\/wp\/v2\/posts\/935\/revisions\/937"}],"wp:featuredmedia":[{"embeddable":true,"href":"https:\/\/aranaabogadosasociados.com\/index.php?rest_route=\/wp\/v2\/media\/936"}],"wp:attachment":[{"href":"https:\/\/aranaabogadosasociados.com\/index.php?rest_route=%2Fwp%2Fv2%2Fmedia&parent=935"}],"wp:term":[{"taxonomy":"category","embeddable":true,"href":"https:\/\/aranaabogadosasociados.com\/index.php?rest_route=%2Fwp%2Fv2%2Fcategories&post=935"},{"taxonomy":"post_tag","embeddable":true,"href":"https:\/\/aranaabogadosasociados.com\/index.php?rest_route=%2Fwp%2Fv2%2Ftags&post=935"}],"curies":[{"name":"wp","href":"https:\/\/api.w.org\/{rel}","templated":true}]}}