{"id":933,"date":"2026-05-07T07:56:18","date_gmt":"2026-05-07T12:56:18","guid":{"rendered":"https:\/\/web.aranaabogadosasociados.com\/?p=933"},"modified":"2026-05-07T07:56:18","modified_gmt":"2026-05-07T12:56:18","slug":"gobierno-crea-impuesto-al-patrimonio-para-personas-juridicas-por-emergencia-climatica","status":"publish","type":"post","link":"https:\/\/aranaabogadosasociados.com\/?p=933","title":{"rendered":"Gobierno crea impuesto al patrimonio para personas jur\u00eddicas por emergencia clim\u00e1tica."},"content":{"rendered":"\n<p class=\"wp-block-paragraph\"><strong>Decreto 173 del 24 de febrero de 2026.<\/strong><\/p>\n\n\n\n<p class=\"wp-block-paragraph\">Mediante el Decreto 0173 del 24 de febrero de 2026, expedido en desarrollo del Decreto Legislativo 0150 de 2026, el Gobierno Nacional cre\u00f3 un impuesto al patrimonio temporal para personas jur\u00eddicas, con el fin de financiar los gastos derivados del estado de emergencia econ\u00f3mica, social y ecol\u00f3gica declarado por los efectos de fen\u00f3menos hidrometeorol\u00f3gicos en varios departamentos del pa\u00eds.<\/p>\n\n\n\n<p class=\"wp-block-paragraph\"><strong>\u00bfQui\u00e9nes deben pagar este impuesto?<\/strong><strong><\/strong><\/p>\n\n\n\n<p class=\"wp-block-paragraph\">El impuesto al patrimonio aplica \u00fanicamente para la vigencia 2026 y recae sobre:<\/p>\n\n\n\n<ul class=\"wp-block-list\">\n<li>Personas jur\u00eddicas y sociedades de hecho contribuyentes del impuesto sobre la renta.<\/li>\n\n\n\n<li>Que posean un patrimonio l\u00edquido igual o superior a 200.000 UVT al 1 de marzo de 2026. (Equivale a $10.474.800.000)<\/li>\n<\/ul>\n\n\n\n<p class=\"wp-block-paragraph\">No son sujetos pasivos:<\/p>\n\n\n\n<ul class=\"wp-block-list\">\n<li>Empresas del sector salud.<\/li>\n\n\n\n<li>Empresas intervenidas por el Estado.<\/li>\n\n\n\n<li>Empresas de servicios p\u00fablicos domiciliarios ubicadas en los municipios afectados por la emergencia.<\/li>\n<\/ul>\n\n\n\n<p class=\"wp-block-paragraph\"><strong>\u00bfCu\u00e1l es el hecho generador?<\/strong><strong><\/strong><\/p>\n\n\n\n<p class=\"wp-block-paragraph\">El impuesto se causa por la posesi\u00f3n de patrimonio l\u00edquido al 1 de marzo de 2026. El patrimonio l\u00edquido se determina restando del patrimonio bruto las deudas vigentes a esa fecha.<\/p>\n\n\n\n<p class=\"wp-block-paragraph\">Es importante que el decreto incorpora una medida antiabuso: si una sociedad realiza una escisi\u00f3n entre la entrada en vigor del decreto y el 1 de marzo de 2026, los patrimonios l\u00edquidos de las sociedades escindidas y beneficiarias deber\u00e1n sumarse para verificar si superan el umbral de 200.000 UVT. Si se supera, la sociedad beneficiaria deber\u00e1 declarar y pagar el impuesto como si la escisi\u00f3n no hubiese ocurrido.<\/p>\n\n\n\n<p class=\"wp-block-paragraph\"><strong>\u00bfCu\u00e1les son las tarifas?<\/strong><strong><\/strong><\/p>\n\n\n\n<p class=\"wp-block-paragraph\">El decreto establece dos tarifas:<\/p>\n\n\n\n<ul class=\"wp-block-list\">\n<li>Tarifa general: 0,5%<\/li>\n\n\n\n<li>Tarifa diferencial del 1,6% para:<ul><li>Instituciones financieras.<\/li><\/ul><ul><li>Entidades aseguradoras y reaseguradoras.<\/li><\/ul><ul><li>Comisionistas de bolsa.<\/li><\/ul><ul><li>Bolsas de bienes y productos.<\/li><\/ul><ul><li>Proveedores de infraestructura del mercado de valores.<\/li><\/ul>\n<ul class=\"wp-block-list\">\n<li>Empresas dedicadas a extracci\u00f3n de carb\u00f3n y petr\u00f3leo (CIIU 0510, 0520 y 0610).<\/li>\n<\/ul>\n<\/li>\n<\/ul>\n\n\n\n<p class=\"wp-block-paragraph\">El Gobierno justifica esta tarifa diferencial en la mayor capacidad contributiva de estos sectores y en la existencia de externalidades econ\u00f3micas y ambientales.<\/p>\n\n\n\n<p class=\"wp-block-paragraph\"><strong>\u00bfC\u00f3mo se calcula la base gravable?<\/strong><strong><\/strong><\/p>\n\n\n\n<p class=\"wp-block-paragraph\">La base gravable es el patrimonio bruto pose\u00eddo al 1 de marzo de 2026 menos las deudas vigentes, excluyendo ciertos bienes:<\/p>\n\n\n\n<ul class=\"wp-block-list\">\n<li>Acciones o participaciones en sociedades nacionales.<\/li>\n\n\n\n<li>Activos fijos inmuebles destinados al control y mejoramiento ambiental por empresas p\u00fablicas de acueducto y alcantarillado.<\/li>\n\n\n\n<li>Reservas t\u00e9cnicas de Fogaf\u00edn y Fogacoop.<\/li>\n\n\n\n<li>Aportes sociales en entidades del art\u00edculo 19-4 del Estatuto Tributario.<\/li>\n<\/ul>\n\n\n\n<p class=\"wp-block-paragraph\"><strong>\u00bfCu\u00e1ndo se declara y paga?<\/strong><strong><\/strong><\/p>\n\n\n\n<ul class=\"wp-block-list\">\n<li>Declaraci\u00f3n: 1 de abril de 2026.<\/li>\n\n\n\n<li>Pago en dos cuotas iguales:<ul><li>50% el 1 de abril de 2026.<\/li><\/ul>\n<ul class=\"wp-block-list\">\n<li>50% el 4 de mayo de 2026.<\/li>\n<\/ul>\n<\/li>\n<\/ul>\n\n\n\n<p class=\"wp-block-paragraph\">La DIAN prescribir\u00e1 el formulario correspondiente para que los contribuyentes cumplan con su obligaci\u00f3n de declarar.<\/p>\n\n\n\n<p class=\"wp-block-paragraph\">El decreto tambi\u00e9n establece que constituye inexactitud sancionable realizar ajustes contables o fiscales ficticios que disminuyan artificialmente el patrimonio l\u00edquido, incluyendo omisi\u00f3n de activos o inclusi\u00f3n de pasivos inexistentes.<\/p>\n\n\n\n<p class=\"wp-block-paragraph\">En conclusi\u00f3n, el Decreto 0173 de 2026 introduce un impuesto al patrimonio extraordinario y de causaci\u00f3n instant\u00e1nea que recae exclusivamente sobre personas jur\u00eddicas con mayor capacidad econ\u00f3mica, como mecanismo para financiar la emergencia clim\u00e1tica declarada en varias regiones del pa\u00eds. Es decir, en esta oportunidad los afectados son las empresas que tienen que pagar un impuesto que regularmente no es deducible en su declaraci\u00f3n de renta y complementarios.<\/p>\n\n\n\n<p class=\"wp-block-paragraph\"><strong>ARANA ABOGADOS ASOCIADOS<\/strong><\/p>\n\n\n\n<p class=\"wp-block-paragraph\"><strong>2026.<\/strong><\/p>\n","protected":false},"excerpt":{"rendered":"<p>Decreto 173 del 24 de febrero de 2026. Mediante el Decreto 0173 del 24 de febrero de 2026, expedido en desarrollo del Decreto Legislativo 0150 de 2026, el Gobierno Nacional cre\u00f3 un impuesto al patrimonio temporal para personas jur\u00eddicas, con el fin de financiar los gastos derivados del estado de emergencia econ\u00f3mica, social y ecol\u00f3gica [&hellip;]<\/p>\n","protected":false},"author":2,"featured_media":423,"comment_status":"open","ping_status":"open","sticky":false,"template":"","format":"standard","meta":{"footnotes":""},"categories":[1],"tags":[],"class_list":["post-933","post","type-post","status-publish","format-standard","has-post-thumbnail","hentry","category-sin-categoria"],"_links":{"self":[{"href":"https:\/\/aranaabogadosasociados.com\/index.php?rest_route=\/wp\/v2\/posts\/933","targetHints":{"allow":["GET"]}}],"collection":[{"href":"https:\/\/aranaabogadosasociados.com\/index.php?rest_route=\/wp\/v2\/posts"}],"about":[{"href":"https:\/\/aranaabogadosasociados.com\/index.php?rest_route=\/wp\/v2\/types\/post"}],"author":[{"embeddable":true,"href":"https:\/\/aranaabogadosasociados.com\/index.php?rest_route=\/wp\/v2\/users\/2"}],"replies":[{"embeddable":true,"href":"https:\/\/aranaabogadosasociados.com\/index.php?rest_route=%2Fwp%2Fv2%2Fcomments&post=933"}],"version-history":[{"count":1,"href":"https:\/\/aranaabogadosasociados.com\/index.php?rest_route=\/wp\/v2\/posts\/933\/revisions"}],"predecessor-version":[{"id":934,"href":"https:\/\/aranaabogadosasociados.com\/index.php?rest_route=\/wp\/v2\/posts\/933\/revisions\/934"}],"wp:featuredmedia":[{"embeddable":true,"href":"https:\/\/aranaabogadosasociados.com\/index.php?rest_route=\/wp\/v2\/media\/423"}],"wp:attachment":[{"href":"https:\/\/aranaabogadosasociados.com\/index.php?rest_route=%2Fwp%2Fv2%2Fmedia&parent=933"}],"wp:term":[{"taxonomy":"category","embeddable":true,"href":"https:\/\/aranaabogadosasociados.com\/index.php?rest_route=%2Fwp%2Fv2%2Fcategories&post=933"},{"taxonomy":"post_tag","embeddable":true,"href":"https:\/\/aranaabogadosasociados.com\/index.php?rest_route=%2Fwp%2Fv2%2Ftags&post=933"}],"curies":[{"name":"wp","href":"https:\/\/api.w.org\/{rel}","templated":true}]}}