{"id":696,"date":"2025-07-31T05:13:29","date_gmt":"2025-07-31T10:13:29","guid":{"rendered":"http:\/\/web.aranaabogadosasociados.com\/?p=696"},"modified":"2025-07-31T05:13:29","modified_gmt":"2025-07-31T10:13:29","slug":"boletin-tributario-del-5-de-junio-de-2025","status":"publish","type":"post","link":"https:\/\/aranaabogadosasociados.com\/?p=696","title":{"rendered":"BOLET\u00cdN TRIBUTARIO DEL 5 DE JUNIO DE 2025."},"content":{"rendered":"\n<p class=\"wp-block-paragraph\"><strong>Modificaci\u00f3n de las Tarifas de Autorretenci\u00f3n y Retenci\u00f3n en la Fuente: Impacto en los Contribuyentes y Nuevas.<\/strong><\/p>\n\n\n\n<p class=\"wp-block-paragraph\"><strong><u>&nbsp;&nbsp;&nbsp;&nbsp;&nbsp;&nbsp;&nbsp;&nbsp;&nbsp;&nbsp;&nbsp;&nbsp;&nbsp; Disposiciones del Gobierno Nacional&nbsp;&nbsp;&nbsp;&nbsp;&nbsp;&nbsp;&nbsp;&nbsp;&nbsp; <\/u><\/strong><strong><\/strong><\/p>\n\n\n\n<p class=\"wp-block-paragraph\">El pasado 28 de mayo de 2025, el Ministerio de Hacienda y Cr\u00e9dito P\u00fablico expidi\u00f3 el <strong>Decreto 0572 de 2025<\/strong>, con el fin de modificar las tarifas de autorretenci\u00f3n en la fuente para el impuesto sobre la renta y complementarios, as\u00ed como ajustar las bases m\u00ednimas para la retenci\u00f3n en la fuente. Este decreto responde a la necesidad de optimizar el sistema tributario colombiano, aline\u00e1ndolo con las condiciones econ\u00f3micas actuales y buscando mejorar la recaudaci\u00f3n anticipada del impuesto correspondiente al a\u00f1o gravable 2026.<\/p>\n\n\n\n<h1 class=\"wp-block-heading\"><strong>Objetivos del Decreto 0572<\/strong><\/h1>\n\n\n\n<p class=\"wp-block-paragraph\">El Gobierno Nacional justifica esta modificaci\u00f3n bajo el prop\u00f3sito de mejorar la equidad y eficiencia del sistema tributario, reduciendo las brechas existentes entre las autorretenciones y el impuesto final a cargo. De acuerdo con las autoridades, esta medida aliviar\u00eda el impacto financiero en las empresas al adelantar parte del recaudo para el 2025. No obstante, podr\u00eda generar una mayor carga administrativa y afectar los flujos de caja de las empresas, sobre todo en sectores con un volumen elevado de operaciones.<\/p>\n\n\n\n<p class=\"wp-block-paragraph\">El Decreto establece nuevas tarifas y bases para sectores econ\u00f3micos clave. Algunas de las principales modificaciones incluyen tarifas m\u00e1s altas en actividades como la creaci\u00f3n literaria, la generaci\u00f3n de energ\u00eda el\u00e9ctrica, la construcci\u00f3n de carreteras y la extracci\u00f3n de minerales.<\/p>\n\n\n\n<h1 class=\"wp-block-heading\"><strong>Principales Cambios en Tarifas de Autorretenci\u00f3n<\/strong><\/h1>\n\n\n\n<p class=\"wp-block-paragraph\">Dentro de las nuevas tarifas que establece el Decreto, destacan los ajustes a las actividades econ\u00f3micas que operan con recursos naturales y las relacionadas con la infraestructura, lo que refleja la preocupaci\u00f3n por garantizar un mejor control tributario sobre estas \u00e1reas. A continuaci\u00f3n, se presentan algunas de las modificaciones m\u00e1s relevantes:<\/p>\n\n\n\n<figure class=\"wp-block-table\"><table class=\"has-fixed-layout\"><tbody><tr><td>Actividad Econ\u00f3mica<\/td><td>Tarifa Anterior<\/td><td>Nueva Tarifa<\/td><\/tr><tr><td>Creaci\u00f3n literaria, musical, teatral y audiovisual<\/td><td>1,10 %<\/td><td>3,50 %<\/td><\/tr><tr><td>Extracci\u00f3n de oro y metales preciosos<\/td><td>2,40 %<\/td><td>4,50 %<\/td><\/tr><tr><td>Generaci\u00f3n de energ\u00eda el\u00e9ctrica<\/td><td>2,20 %<\/td><td>4,50 %<\/td><\/tr><tr><td>Recolecci\u00f3n de desechos no peligrosos<\/td><td>2,20 %<\/td><td>4,50 %<\/td><\/tr><tr><td>Construcci\u00f3n de carreteras y v\u00edas de ferrocarril<\/td><td>1,10 %<\/td><td>3,50 %<\/td><\/tr><tr><td>Extracci\u00f3n de gas natural<\/td><td>1,80 %<\/td><td>4,50 %<\/td><\/tr><tr><td>Captaci\u00f3n, tratamiento y distribuci\u00f3n de agua<\/td><td>2,20 %<\/td><td>4,50 %<\/td><\/tr><tr><td>Construcci\u00f3n de edificios residenciales<\/td><td>1,10 %<\/td><td>3,50 %<\/td><\/tr><tr><td>Extracci\u00f3n de huella de carbono<\/td><td>2,20 %<\/td><td>4,50 %<\/td><\/tr><\/tbody><\/table><\/figure>\n\n\n\n<p class=\"wp-block-paragraph\">Estos ajustes son parte de una estrategia para fortalecer el sistema fiscal y garantizar una recaudaci\u00f3n anticipada, con el objetivo de suavizar el impacto de la carga tributaria en el futuro.<\/p>\n\n\n\n<h1 class=\"wp-block-heading\"><a><\/a><strong>Reducci\u00f3n de las Bases M\u00ednimas de Retenci\u00f3n<\/strong><\/h1>\n\n\n\n<p class=\"wp-block-paragraph\">El Decreto tambi\u00e9n incluye una reducci\u00f3n significativa de las bases m\u00ednimas para las cuales se practica la retenci\u00f3n. Esto implica que m\u00e1s operaciones estar\u00e1n sujetas a retenci\u00f3n, incluso aquellas que anteriormente no estaban contempladas.<\/p>\n\n\n\n<p class=\"wp-block-paragraph\">Un ejemplo relevante es la <strong>compra de bienes ra\u00edces de vivienda<\/strong>: anteriormente su base m\u00ednima era de 20.000 UVT, y ahora se reduce a 10.000 UVT. Adem\u00e1s, las compras de caf\u00e9 y otros productos agr\u00edcolas tambi\u00e9n han visto cambios en sus tarifas, lo que podr\u00eda afectar tanto a peque\u00f1os como grandes productores.<\/p>\n\n\n\n<h1 class=\"wp-block-heading\"><a><\/a><strong>Recomendaciones para los Contribuyentes<\/strong><\/h1>\n\n\n\n<p class=\"wp-block-paragraph\">Para enfrentar las nuevas disposiciones, se recomienda que los contribuyentes realicen una revisi\u00f3n exhaustiva de sus actividades econ\u00f3micas y ajusten sus sistemas contables y de facturaci\u00f3n antes del 1 de junio de 2025, fecha en que entra en vigor el decreto. Es fundamental verificar el c\u00f3digo CIIU asignado a cada actividad para asegurarse de que la tarifa aplicada sea la correcta.<\/p>\n\n\n\n<p class=\"wp-block-paragraph\">Adem\u00e1s, los contribuyentes deben evaluar el impacto de los nuevos cambios en sus flujos de caja, y si es necesario, gestionar la compensaci\u00f3n o devoluci\u00f3n de saldos a favor de acuerdo con las disposiciones del Estatuto Tributario. Esto ser\u00e1 especialmente relevante para sectores como la construcci\u00f3n, la extracci\u00f3n de recursos naturales y el sector financiero, que podr\u00edan ver una afectaci\u00f3n significativa en su liquidez.<\/p>\n\n\n\n<h1 class=\"wp-block-heading\"><a><\/a><strong>Sectores Afectados y Ajustes Necesarios<\/strong><\/h1>\n\n\n\n<p class=\"wp-block-paragraph\">Los sectores que m\u00e1s podr\u00edan verse impactados por estos cambios son los de <strong>construcci\u00f3n<\/strong>, <strong>extracci\u00f3n de recursos naturales no renovables <\/strong>y el <strong>sector financiero<\/strong>. Estas modificaciones incrementan la presi\u00f3n fiscal sobre dichos sectores, lo que podr\u00eda generar dificultades para cumplir con las obligaciones tributarias.<\/p>\n\n\n\n<p class=\"wp-block-paragraph\">Es esencial que las empresas, especialmente las que operan en sectores clave como la construcci\u00f3n y la extracci\u00f3n de recursos, se preparen para estos cambios fiscales, realizando los ajustes pertinentes en sus sistemas contables. Evaluar el impacto financiero ser\u00e1 crucial para evitar contratiempos en el cumplimiento tributario.<\/p>\n\n\n\n<p class=\"wp-block-paragraph\"><strong>ARANA ABOGADOS ASOCIADOS 2025.<\/strong><\/p>\n\n\n\n<p class=\"wp-block-paragraph\">Link: <a href=\"http:\/\/web.aranaabogadosasociados.com\/wp-content\/uploads\/2025\/07\/BOLETIN-TRIBUTARIO-DEL-5-DE-JUNIO-DE-2025.pdf\">Click aqui<\/a><\/p>\n","protected":false},"excerpt":{"rendered":"<p>Modificaci\u00f3n de las Tarifas de Autorretenci\u00f3n y Retenci\u00f3n en la Fuente: Impacto en los Contribuyentes y Nuevas. &nbsp;&nbsp;&nbsp;&nbsp;&nbsp;&nbsp;&nbsp;&nbsp;&nbsp;&nbsp;&nbsp;&nbsp;&nbsp; Disposiciones del Gobierno Nacional&nbsp;&nbsp;&nbsp;&nbsp;&nbsp;&nbsp;&nbsp;&nbsp;&nbsp; El pasado 28 de mayo de 2025, el Ministerio de Hacienda y Cr\u00e9dito P\u00fablico expidi\u00f3 el Decreto 0572 de 2025, con el fin de modificar las tarifas de autorretenci\u00f3n en la fuente para [&hellip;]<\/p>\n","protected":false},"author":1,"featured_media":661,"comment_status":"open","ping_status":"open","sticky":false,"template":"","format":"standard","meta":{"footnotes":""},"categories":[1],"tags":[],"class_list":["post-696","post","type-post","status-publish","format-standard","has-post-thumbnail","hentry","category-sin-categoria"],"_links":{"self":[{"href":"https:\/\/aranaabogadosasociados.com\/index.php?rest_route=\/wp\/v2\/posts\/696","targetHints":{"allow":["GET"]}}],"collection":[{"href":"https:\/\/aranaabogadosasociados.com\/index.php?rest_route=\/wp\/v2\/posts"}],"about":[{"href":"https:\/\/aranaabogadosasociados.com\/index.php?rest_route=\/wp\/v2\/types\/post"}],"author":[{"embeddable":true,"href":"https:\/\/aranaabogadosasociados.com\/index.php?rest_route=\/wp\/v2\/users\/1"}],"replies":[{"embeddable":true,"href":"https:\/\/aranaabogadosasociados.com\/index.php?rest_route=%2Fwp%2Fv2%2Fcomments&post=696"}],"version-history":[{"count":1,"href":"https:\/\/aranaabogadosasociados.com\/index.php?rest_route=\/wp\/v2\/posts\/696\/revisions"}],"predecessor-version":[{"id":697,"href":"https:\/\/aranaabogadosasociados.com\/index.php?rest_route=\/wp\/v2\/posts\/696\/revisions\/697"}],"wp:featuredmedia":[{"embeddable":true,"href":"https:\/\/aranaabogadosasociados.com\/index.php?rest_route=\/wp\/v2\/media\/661"}],"wp:attachment":[{"href":"https:\/\/aranaabogadosasociados.com\/index.php?rest_route=%2Fwp%2Fv2%2Fmedia&parent=696"}],"wp:term":[{"taxonomy":"category","embeddable":true,"href":"https:\/\/aranaabogadosasociados.com\/index.php?rest_route=%2Fwp%2Fv2%2Fcategories&post=696"},{"taxonomy":"post_tag","embeddable":true,"href":"https:\/\/aranaabogadosasociados.com\/index.php?rest_route=%2Fwp%2Fv2%2Ftags&post=696"}],"curies":[{"name":"wp","href":"https:\/\/api.w.org\/{rel}","templated":true}]}}