{"id":681,"date":"2025-07-31T05:03:09","date_gmt":"2025-07-31T10:03:09","guid":{"rendered":"http:\/\/web.aranaabogadosasociados.com\/?p=681"},"modified":"2025-07-31T05:03:09","modified_gmt":"2025-07-31T10:03:09","slug":"boletin-informativo-el-impacto-de-las-correcciones-en-las-declaraciones-con-perdidas-fiscales","status":"publish","type":"post","link":"https:\/\/aranaabogadosasociados.com\/?p=681","title":{"rendered":"BOLET\u00cdN INFORMATIVO EL IMPACTO DE LAS CORRECCIONES EN LAS DECLARACIONES CON P\u00c9RDIDAS FISCALES"},"content":{"rendered":"\n<h2 class=\"wp-block-heading\"><strong>El Impacto de las Correcciones en las Declaraciones con P\u00e9rdidas Fiscales<\/strong><strong><\/strong><\/h2>\n\n\n\n<p class=\"wp-block-paragraph\">De acuerdo con el art\u00edculo 147 del Estatuto Tributario, modificado por la Ley 1819 de 2016, introduce un t\u00e9rmino de firmeza de seis a\u00f1os para las declaraciones que impliquen p\u00e9rdidas fiscales, permitiendo a la DIAN un per\u00edodo extendido para su fiscalizaci\u00f3n. Sin embargo, cuando se corrige una declaraci\u00f3n que inicialmente reportaba p\u00e9rdidas fiscales y se genera una renta l\u00edquida gravable, este t\u00e9rmino cambia, lo que genera importantes implicaciones para los contribuyentes y la administraci\u00f3n tributaria.<\/p>\n\n\n\n<p class=\"wp-block-paragraph\">El concepto de firmeza se refiere al per\u00edodo durante el cual una declaraci\u00f3n tributaria no puede ser modificada, y est\u00e1 directamente relacionado con la seguridad jur\u00eddica y la posibilidad de fiscalizaci\u00f3n por parte de la DIAN. Seg\u00fan el art\u00edculo 147 del ET, las declaraciones que imputen p\u00e9rdidas fiscales tienen un t\u00e9rmino especial de firmeza de seis a\u00f1os, con el fin de permitir la revisi\u00f3n y validaci\u00f3n de estas p\u00e9rdidas. Esta extensi\u00f3n busca asegurar que los contribuyentes no utilicen indebidamente las p\u00e9rdidas fiscales para reducir sus cargas tributarias.<\/p>\n\n\n\n<h2 class=\"wp-block-heading\"><strong>Correcci\u00f3n de Declaraciones con P\u00e9rdidas Fiscales: Modificaci\u00f3n de la Firmeza<\/strong><strong><\/strong><\/h2>\n\n\n\n<p class=\"wp-block-paragraph\">Cuando un contribuyente presenta una correcci\u00f3n a una declaraci\u00f3n de renta en la que se determinan p\u00e9rdidas fiscales, la naturaleza de la correcci\u00f3n y su impacto en la renta l\u00edquida son cruciales para determinar el nuevo t\u00e9rmino de firmeza. Si la correcci\u00f3n elimina las p\u00e9rdidas fiscales y genera renta l\u00edquida gravable, se produce un cambio en la naturaleza de la declaraci\u00f3n, lo que afecta el t\u00e9rmino de firmeza aplicable. En este caso, la declaraci\u00f3n corregida deja de estar sujeta al t\u00e9rmino especial de seis a\u00f1os del art\u00edculo 147, y pasa a regirse por el t\u00e9rmino general de tres a\u00f1os establecido en el art\u00edculo 714.<\/p>\n\n\n\n<p class=\"wp-block-paragraph\"><strong>Efectos de las Correcciones y el T\u00e9rmino de Firmeza<\/strong><strong><\/strong><\/p>\n\n\n\n<p class=\"wp-block-paragraph\">Problema Jur\u00eddico No. 1: \u00bfC\u00f3mo se interpreta el cambio en el t\u00e9rmino de firmeza cuando una correcci\u00f3n elimina las p\u00e9rdidas fiscales y genera renta l\u00edquida gravable? Cuando una correcci\u00f3n elimina las p\u00e9rdidas fiscales y crea renta l\u00edquida gravable, la declaraci\u00f3n corregida ya no esta<\/p>\n\n\n\n<p class=\"wp-block-paragraph\">sujeta al t\u00e9rmino especial de seis a\u00f1os del art\u00edculo 147 del ET. En su lugar, la correcci\u00f3n se rige por el t\u00e9rmino general de firmeza de tres a\u00f1os, conforme al art\u00edculo 714 del ET.<\/p>\n\n\n\n<p class=\"wp-block-paragraph\">Problema Jur\u00eddico No. 2: En un escenario donde una correcci\u00f3n es presentada mientras est\u00e1 en curso un proceso de fiscalizaci\u00f3n basado en el t\u00e9rmino especial de seis a\u00f1os, \u00bfc\u00f3mo afecta esta correcci\u00f3n al proceso de fiscalizaci\u00f3n? La correcci\u00f3n reemplaza la declaraci\u00f3n inicial para todos los efectos tributarios, lo que implica que el t\u00e9rmino de firmeza se reduce a tres a\u00f1os desde la fecha de vencimiento de la declaraci\u00f3n inicial. En este caso, la fiscalizaci\u00f3n de la DIAN deber\u00e1 ajustarse al nuevo t\u00e9rmino de firmeza.<\/p>\n\n\n\n<p class=\"wp-block-paragraph\">El principio fundamental es que la correcci\u00f3n de una declaraci\u00f3n no solo afecta el monto de la renta l\u00edquida gravable, sino que tambi\u00e9n puede alterar el plazo de firmeza. Este cambio tiene implicaciones directas sobre la fiscalizaci\u00f3n de la DIAN, ya que al modificar la naturaleza de la declaraci\u00f3n, la autoridad fiscal pierde competencia para continuar con la fiscalizaci\u00f3n si el t\u00e9rmino de firmeza ha vencido. Adem\u00e1s, la correcci\u00f3n puede afectar la cantidad de impuestos que deben ser pagados, ya que si la correcci\u00f3n aumenta la renta l\u00edquida gravable, el contribuyente podr\u00eda verse obligado a pagar impuestos adicionales.<\/p>\n\n\n\n<p class=\"wp-block-paragraph\">En conclusi\u00f3n, la correcci\u00f3n de una declaraci\u00f3n que elimina las p\u00e9rdidas fiscales y genera renta l\u00edquida gravable cambia el t\u00e9rmino de firmeza de seis a tres a\u00f1os, lo que afecta tanto la fiscalizaci\u00f3n por parte de la DIAN como la responsabilidad del contribuyente. Esta modificaci\u00f3n asegura una aplicaci\u00f3n m\u00e1s precisa del r\u00e9gimen tributario, permitiendo un control adecuado de las compensaciones fiscales sin extender innecesariamente los plazos de revisi\u00f3n, y garantiza la seguridad jur\u00eddica tanto para los contribuyentes como para la administraci\u00f3n tributaria.<\/p>\n\n\n\n<h3 class=\"wp-block-heading\"><a><\/a><strong>ARANA ABOGADOS ASOCIADOS 2025.<\/strong><\/h3>\n\n\n\n<p class=\"wp-block-paragraph\"><strong>Link:<\/strong> <a href=\"http:\/\/web.aranaabogadosasociados.com\/wp-content\/uploads\/2025\/07\/Boletin-Informativo-El-Impacto-de-las-Correcciones-en-las-Declaraciones-con-Peerdidas-Fiscales.pdf\">Click aqui<\/a><\/p>\n","protected":false},"excerpt":{"rendered":"<p>El Impacto de las Correcciones en las Declaraciones con P\u00e9rdidas Fiscales De acuerdo con el art\u00edculo 147 del Estatuto Tributario, modificado por la Ley 1819 de 2016, introduce un t\u00e9rmino de firmeza de seis a\u00f1os para las declaraciones que impliquen p\u00e9rdidas fiscales, permitiendo a la DIAN un per\u00edodo extendido para su fiscalizaci\u00f3n. Sin embargo, cuando [&hellip;]<\/p>\n","protected":false},"author":1,"featured_media":654,"comment_status":"open","ping_status":"open","sticky":false,"template":"","format":"standard","meta":{"footnotes":""},"categories":[1],"tags":[],"class_list":["post-681","post","type-post","status-publish","format-standard","has-post-thumbnail","hentry","category-sin-categoria"],"_links":{"self":[{"href":"https:\/\/aranaabogadosasociados.com\/index.php?rest_route=\/wp\/v2\/posts\/681","targetHints":{"allow":["GET"]}}],"collection":[{"href":"https:\/\/aranaabogadosasociados.com\/index.php?rest_route=\/wp\/v2\/posts"}],"about":[{"href":"https:\/\/aranaabogadosasociados.com\/index.php?rest_route=\/wp\/v2\/types\/post"}],"author":[{"embeddable":true,"href":"https:\/\/aranaabogadosasociados.com\/index.php?rest_route=\/wp\/v2\/users\/1"}],"replies":[{"embeddable":true,"href":"https:\/\/aranaabogadosasociados.com\/index.php?rest_route=%2Fwp%2Fv2%2Fcomments&post=681"}],"version-history":[{"count":1,"href":"https:\/\/aranaabogadosasociados.com\/index.php?rest_route=\/wp\/v2\/posts\/681\/revisions"}],"predecessor-version":[{"id":682,"href":"https:\/\/aranaabogadosasociados.com\/index.php?rest_route=\/wp\/v2\/posts\/681\/revisions\/682"}],"wp:featuredmedia":[{"embeddable":true,"href":"https:\/\/aranaabogadosasociados.com\/index.php?rest_route=\/wp\/v2\/media\/654"}],"wp:attachment":[{"href":"https:\/\/aranaabogadosasociados.com\/index.php?rest_route=%2Fwp%2Fv2%2Fmedia&parent=681"}],"wp:term":[{"taxonomy":"category","embeddable":true,"href":"https:\/\/aranaabogadosasociados.com\/index.php?rest_route=%2Fwp%2Fv2%2Fcategories&post=681"},{"taxonomy":"post_tag","embeddable":true,"href":"https:\/\/aranaabogadosasociados.com\/index.php?rest_route=%2Fwp%2Fv2%2Ftags&post=681"}],"curies":[{"name":"wp","href":"https:\/\/api.w.org\/{rel}","templated":true}]}}